{"id":20633,"date":"2018-04-17T12:44:15","date_gmt":"2018-04-17T12:44:15","guid":{"rendered":"https:\/\/skywalk.info\/?p=20633"},"modified":"2018-04-17T12:44:15","modified_gmt":"2018-04-17T12:44:15","slug":"teampilot-jo-blum-beginnt-die-saison-mit-139-km-flug","status":"publish","type":"post","link":"https:\/\/skywalk.info\/de\/2018\/04\/17\/teampilot-jo-blum-beginnt-die-saison-mit-139-km-flug\/","title":{"rendered":"Teampilot Jo Blum beginnt die Saison mit 139 km Flug"},"content":{"rendered":"<p>[et_pb_section bb_built=&#8220;1&#8243;][et_pb_row][et_pb_column type=&#8220;4_4&#8243;][et_pb_text _builder_version=&#8220;3.0.106&#8243; background_layout=&#8220;light&#8220;]<\/p>\n<h1>Die Saison beginnt\u2026<\/h1>\n<p>&nbsp;<\/p>\n<p>Am <strong>14.04.2018<\/strong> war Walk and Fly auf den Reichenhaller Hausberg \u201eZwieselalm\u201c angesagt. Der Aufstieg war dank meiner neuen Leichtausr\u00fcstung mit <a href=\"https:\/\/skywalk.info\/de\/project\/cumeo\/\" target=\"_blank\" rel=\"noopener\">CUMEO<\/a> und <a href=\"https:\/\/skywalk.info\/de\/project\/range-x-alps2\/\" target=\"_blank\" rel=\"noopener\">RANGE X-ALPS2<\/a> easy. Der Start erfolgte in einen etwas abgeschirmten Himmel.<\/p>\n<p>Trotzdem ging es konstant aufw\u00e4rts. Ich entschied mich nach einigen Runden \u00fcber den Hausbergen f\u00fcr den Abflug Richtung Wilder Kaiser. In den schneebedeckten Bergen und mit der Blauthermik war die Thermikausl\u00f6sestelle nicht immer sofort<br \/>\nzu finden. Es ging dann doch besser als erwartet. So konnte ich \u00fcber die Loferer Steinberge ins Steinerne Meer queren. Kurz vor dem Hochk\u00f6nig musste ich tief den R\u00fcckflug antreten. \u00dcber den Schneefl\u00e4chen war f\u00fcr mich keine sichere Thermikquelle mehr auszumachen. Die nun h\u00f6her reichenden Aufwinde erleichterten mir den Heimflug.<\/p>\n<p>So konnte ich nach <strong>139 Km<\/strong> meinen Flug<br \/>\nzuhause auf der Weitwiesn in <strong>Bad Reichenhall<\/strong> gl\u00fccklich beenden.<\/p>\n<p>&nbsp;<\/p>\n<p><strong>(Tagessieg Gleitschirm im xc.dhv.de)<\/strong><\/p>\n<p>&nbsp;<\/p>\n<pre>(Text von Jo Blum)<\/pre>\n<p>[\/et_pb_text][et_pb_button _builder_version=&#8220;3.0.106&#8243; button_text=&#8220;Hier geht\u00b4s zum Flug! &#8220; button_url=&#8220;https:\/\/www.dhv-xc.de\/leonardo\/index.php?op=show_flight&amp;flightID=968105&#8243; url_new_window=&#8220;on&#8220; button_alignment=&#8220;center&#8220; background_layout=&#8220;light&#8220; custom_button=&#8220;on&#8220; button_text_color=&#8220;#0c71c3&#8243; button_icon_placement=&#8220;right&#8220; \/][\/et_pb_column][\/et_pb_row][et_pb_row][et_pb_column type=&#8220;1_2&#8243;][et_pb_image _builder_version=&#8220;3.0.106&#8243; show_in_lightbox=&#8220;on&#8220; url_new_window=&#8220;off&#8220; use_overlay=&#8220;off&#8220; always_center_on_mobile=&#8220;on&#8220; force_fullwidth=&#8220;off&#8220; show_bottom_space=&#8220;on&#8220; src=&#8220;https:\/\/skywalk.info\/files\/2018\/04\/Bild-3.jpg&#8220; \/][\/et_pb_column][et_pb_column type=&#8220;1_2&#8243;][et_pb_image _builder_version=&#8220;3.0.106&#8243; show_in_lightbox=&#8220;on&#8220; url_new_window=&#8220;off&#8220; use_overlay=&#8220;off&#8220; always_center_on_mobile=&#8220;on&#8220; force_fullwidth=&#8220;off&#8220; show_bottom_space=&#8220;on&#8220; src=&#8220;https:\/\/skywalk.info\/files\/2018\/04\/Bild-1.jpg&#8220; \/][\/et_pb_column][\/et_pb_row][\/et_pb_section]<\/p>\n","protected":false},"excerpt":{"rendered":"<p>[et_pb_section bb_built=&#8220;1&#8243;][et_pb_row][et_pb_column type=&#8220;4_4&#8243;][et_pb_text _builder_version=&#8220;3.0.106&#8243; background_layout=&#8220;light&#8220;] Die Saison beginnt\u2026 &nbsp; Am 14.04.2018 war Walk and Fly auf den Reichenhaller Hausberg \u201eZwieselalm\u201c angesagt. Der Aufstieg war dank meiner neuen Leichtausr\u00fcstung mit CUMEO und RANGE X-ALPS2 easy. Der Start erfolgte in einen etwas abgeschirmten Himmel. Trotzdem ging es konstant aufw\u00e4rts. Ich entschied mich nach einigen Runden \u00fcber den [&hellip;]<\/p>\n","protected":false},"author":130,"featured_media":20643,"comment_status":"closed","ping_status":"open","sticky":false,"template":"","format":"standard","meta":{"_et_pb_use_builder":"on","_et_pb_old_content":"","_et_gb_content_width":"","footnotes":""},"categories":[20,28],"tags":[],"yoast_head":"<!-- This site is optimized with the Yoast SEO plugin v22.5 - https:\/\/yoast.com\/wordpress\/plugins\/seo\/ -->\n<title>skywalk paragliders - Jo Blum beginnt Saison mit 139 Km Flug<\/title>\n<meta name=\"robots\" content=\"index, follow, max-snippet:-1, max-image-preview:large, max-video-preview:-1\" \/>\n<link rel=\"canonical\" href=\"https:\/\/skywalk.info\/de\/2018\/04\/17\/teampilot-jo-blum-beginnt-die-saison-mit-139-km-flug\/\" \/>\n<meta property=\"og:locale\" content=\"de_DE\" \/>\n<meta property=\"og:type\" content=\"article\" \/>\n<meta property=\"og:title\" content=\"skywalk paragliders - Jo Blum beginnt Saison mit 139 Km Flug\" \/>\n<meta property=\"og:description\" content=\"[et_pb_section bb_built=&#8220;1&#8243;][et_pb_row][et_pb_column type=&#8220;4_4&#8243;][et_pb_text _builder_version=&#8220;3.0.106&#8243; background_layout=&#8220;light&#8220;] Die Saison beginnt\u2026 &nbsp; Am 14.04.2018 war Walk and Fly auf den Reichenhaller Hausberg \u201eZwieselalm\u201c angesagt. Der Aufstieg war dank meiner neuen Leichtausr\u00fcstung mit CUMEO und RANGE X-ALPS2 easy. Der Start erfolgte in einen etwas abgeschirmten Himmel. Trotzdem ging es konstant aufw\u00e4rts. Ich entschied mich nach einigen Runden \u00fcber den [&hellip;]\" \/>\n<meta property=\"og:url\" content=\"https:\/\/skywalk.info\/de\/2018\/04\/17\/teampilot-jo-blum-beginnt-die-saison-mit-139-km-flug\/\" \/>\n<meta property=\"og:site_name\" content=\"skywalk Paragliders\" \/>\n<meta property=\"article:publisher\" content=\"https:\/\/www.facebook.com\/skywalk.paragliders\/\" \/>\n<meta property=\"article:published_time\" content=\"2018-04-17T12:44:15+00:00\" \/>\n<meta property=\"og:image\" content=\"https:\/\/skywalk.info\/files\/2018\/04\/Bild-2.jpg\" \/>\n\t<meta property=\"og:image:width\" content=\"1500\" \/>\n\t<meta property=\"og:image:height\" content=\"1000\" \/>\n\t<meta property=\"og:image:type\" content=\"image\/jpeg\" \/>\n<meta name=\"author\" content=\"daniel\" \/>\n<meta name=\"twitter:label1\" content=\"Verfasst von\" \/>\n\t<meta name=\"twitter:data1\" content=\"daniel\" \/>\n\t<meta name=\"twitter:label2\" content=\"Gesch\u00e4tzte Lesezeit\" \/>\n\t<meta name=\"twitter:data2\" content=\"2 Minuten\" \/>\n<script type=\"application\/ld+json\" class=\"yoast-schema-graph\">{\"@context\":\"https:\/\/schema.org\",\"@graph\":[{\"@type\":\"WebPage\",\"@id\":\"https:\/\/skywalk.info\/de\/2018\/04\/17\/teampilot-jo-blum-beginnt-die-saison-mit-139-km-flug\/\",\"url\":\"https:\/\/skywalk.info\/de\/2018\/04\/17\/teampilot-jo-blum-beginnt-die-saison-mit-139-km-flug\/\",\"name\":\"skywalk paragliders - Jo Blum beginnt Saison mit 139 Km Flug\",\"isPartOf\":{\"@id\":\"https:\/\/skywalk.info\/#website\"},\"primaryImageOfPage\":{\"@id\":\"https:\/\/skywalk.info\/de\/2018\/04\/17\/teampilot-jo-blum-beginnt-die-saison-mit-139-km-flug\/#primaryimage\"},\"image\":{\"@id\":\"https:\/\/skywalk.info\/de\/2018\/04\/17\/teampilot-jo-blum-beginnt-die-saison-mit-139-km-flug\/#primaryimage\"},\"thumbnailUrl\":\"https:\/\/skywalk.info\/files\/2018\/04\/Bild-2.jpg\",\"datePublished\":\"2018-04-17T12:44:15+00:00\",\"dateModified\":\"2018-04-17T12:44:15+00:00\",\"author\":{\"@id\":\"https:\/\/skywalk.info\/#\/schema\/person\/9ea36be1cccfd900b4f1b2377f9c3b85\"},\"breadcrumb\":{\"@id\":\"https:\/\/skywalk.info\/de\/2018\/04\/17\/teampilot-jo-blum-beginnt-die-saison-mit-139-km-flug\/#breadcrumb\"},\"inLanguage\":\"de-DE\",\"potentialAction\":[{\"@type\":\"ReadAction\",\"target\":[\"https:\/\/skywalk.info\/de\/2018\/04\/17\/teampilot-jo-blum-beginnt-die-saison-mit-139-km-flug\/\"]}]},{\"@type\":\"ImageObject\",\"inLanguage\":\"de-DE\",\"@id\":\"https:\/\/skywalk.info\/de\/2018\/04\/17\/teampilot-jo-blum-beginnt-die-saison-mit-139-km-flug\/#primaryimage\",\"url\":\"https:\/\/skywalk.info\/files\/2018\/04\/Bild-2.jpg\",\"contentUrl\":\"https:\/\/skywalk.info\/files\/2018\/04\/Bild-2.jpg\",\"width\":\"1500\",\"height\":\"1000\",\"caption\":\"DCIM100MEDIA\"},{\"@type\":\"BreadcrumbList\",\"@id\":\"https:\/\/skywalk.info\/de\/2018\/04\/17\/teampilot-jo-blum-beginnt-die-saison-mit-139-km-flug\/#breadcrumb\",\"itemListElement\":[{\"@type\":\"ListItem\",\"position\":1,\"name\":\"Home\",\"item\":\"https:\/\/skywalk.info\/de\/\"},{\"@type\":\"ListItem\",\"position\":2,\"name\":\"Teampilot Jo Blum beginnt die Saison mit 139 km Flug\"}]},{\"@type\":\"WebSite\",\"@id\":\"https:\/\/skywalk.info\/#website\",\"url\":\"https:\/\/skywalk.info\/\",\"name\":\"skywalk Paragliders\",\"description\":\"pure passion for flying\",\"potentialAction\":[{\"@type\":\"SearchAction\",\"target\":{\"@type\":\"EntryPoint\",\"urlTemplate\":\"https:\/\/skywalk.info\/?s={search_term_string}\"},\"query-input\":\"required name=search_term_string\"}],\"inLanguage\":\"de-DE\"},{\"@type\":\"Person\",\"@id\":\"https:\/\/skywalk.info\/#\/schema\/person\/9ea36be1cccfd900b4f1b2377f9c3b85\",\"name\":\"daniel\",\"url\":\"https:\/\/skywalk.info\/de\/author\/daniel\/\"}]}<\/script>\n<!-- \/ Yoast SEO plugin. -->","yoast_head_json":{"title":"skywalk paragliders - Jo Blum beginnt Saison mit 139 Km Flug","robots":{"index":"index","follow":"follow","max-snippet":"max-snippet:-1","max-image-preview":"max-image-preview:large","max-video-preview":"max-video-preview:-1"},"canonical":"https:\/\/skywalk.info\/de\/2018\/04\/17\/teampilot-jo-blum-beginnt-die-saison-mit-139-km-flug\/","og_locale":"de_DE","og_type":"article","og_title":"skywalk paragliders - Jo Blum beginnt Saison mit 139 Km Flug","og_description":"[et_pb_section bb_built=&#8220;1&#8243;][et_pb_row][et_pb_column type=&#8220;4_4&#8243;][et_pb_text _builder_version=&#8220;3.0.106&#8243; background_layout=&#8220;light&#8220;] Die Saison beginnt\u2026 &nbsp; Am 14.04.2018 war Walk and Fly auf den Reichenhaller Hausberg \u201eZwieselalm\u201c angesagt. Der Aufstieg war dank meiner neuen Leichtausr\u00fcstung mit CUMEO und RANGE X-ALPS2 easy. Der Start erfolgte in einen etwas abgeschirmten Himmel. Trotzdem ging es konstant aufw\u00e4rts. Ich entschied mich nach einigen Runden \u00fcber den [&hellip;]","og_url":"https:\/\/skywalk.info\/de\/2018\/04\/17\/teampilot-jo-blum-beginnt-die-saison-mit-139-km-flug\/","og_site_name":"skywalk Paragliders","article_publisher":"https:\/\/www.facebook.com\/skywalk.paragliders\/","article_published_time":"2018-04-17T12:44:15+00:00","og_image":[{"width":"1500","height":"1000","url":"https:\/\/skywalk.info\/files\/2018\/04\/Bild-2.jpg","type":"image\/jpeg"}],"author":"daniel","twitter_misc":{"Verfasst von":"daniel","Gesch\u00e4tzte Lesezeit":"2 Minuten"},"schema":{"@context":"https:\/\/schema.org","@graph":[{"@type":"WebPage","@id":"https:\/\/skywalk.info\/de\/2018\/04\/17\/teampilot-jo-blum-beginnt-die-saison-mit-139-km-flug\/","url":"https:\/\/skywalk.info\/de\/2018\/04\/17\/teampilot-jo-blum-beginnt-die-saison-mit-139-km-flug\/","name":"skywalk paragliders - Jo Blum beginnt Saison mit 139 Km Flug","isPartOf":{"@id":"https:\/\/skywalk.info\/#website"},"primaryImageOfPage":{"@id":"https:\/\/skywalk.info\/de\/2018\/04\/17\/teampilot-jo-blum-beginnt-die-saison-mit-139-km-flug\/#primaryimage"},"image":{"@id":"https:\/\/skywalk.info\/de\/2018\/04\/17\/teampilot-jo-blum-beginnt-die-saison-mit-139-km-flug\/#primaryimage"},"thumbnailUrl":"https:\/\/skywalk.info\/files\/2018\/04\/Bild-2.jpg","datePublished":"2018-04-17T12:44:15+00:00","dateModified":"2018-04-17T12:44:15+00:00","author":{"@id":"https:\/\/skywalk.info\/#\/schema\/person\/9ea36be1cccfd900b4f1b2377f9c3b85"},"breadcrumb":{"@id":"https:\/\/skywalk.info\/de\/2018\/04\/17\/teampilot-jo-blum-beginnt-die-saison-mit-139-km-flug\/#breadcrumb"},"inLanguage":"de-DE","potentialAction":[{"@type":"ReadAction","target":["https:\/\/skywalk.info\/de\/2018\/04\/17\/teampilot-jo-blum-beginnt-die-saison-mit-139-km-flug\/"]}]},{"@type":"ImageObject","inLanguage":"de-DE","@id":"https:\/\/skywalk.info\/de\/2018\/04\/17\/teampilot-jo-blum-beginnt-die-saison-mit-139-km-flug\/#primaryimage","url":"https:\/\/skywalk.info\/files\/2018\/04\/Bild-2.jpg","contentUrl":"https:\/\/skywalk.info\/files\/2018\/04\/Bild-2.jpg","width":"1500","height":"1000","caption":"DCIM100MEDIA"},{"@type":"BreadcrumbList","@id":"https:\/\/skywalk.info\/de\/2018\/04\/17\/teampilot-jo-blum-beginnt-die-saison-mit-139-km-flug\/#breadcrumb","itemListElement":[{"@type":"ListItem","position":1,"name":"Home","item":"https:\/\/skywalk.info\/de\/"},{"@type":"ListItem","position":2,"name":"Teampilot Jo Blum beginnt die Saison mit 139 km Flug"}]},{"@type":"WebSite","@id":"https:\/\/skywalk.info\/#website","url":"https:\/\/skywalk.info\/","name":"skywalk Paragliders","description":"pure passion for flying","potentialAction":[{"@type":"SearchAction","target":{"@type":"EntryPoint","urlTemplate":"https:\/\/skywalk.info\/?s={search_term_string}"},"query-input":"required name=search_term_string"}],"inLanguage":"de-DE"},{"@type":"Person","@id":"https:\/\/skywalk.info\/#\/schema\/person\/9ea36be1cccfd900b4f1b2377f9c3b85","name":"daniel","url":"https:\/\/skywalk.info\/de\/author\/daniel\/"}]}},"_links":{"self":[{"href":"https:\/\/skywalk.info\/de\/wp-json\/wp\/v2\/posts\/20633"}],"collection":[{"href":"https:\/\/skywalk.info\/de\/wp-json\/wp\/v2\/posts"}],"about":[{"href":"https:\/\/skywalk.info\/de\/wp-json\/wp\/v2\/types\/post"}],"author":[{"embeddable":true,"href":"https:\/\/skywalk.info\/de\/wp-json\/wp\/v2\/users\/130"}],"replies":[{"embeddable":true,"href":"https:\/\/skywalk.info\/de\/wp-json\/wp\/v2\/comments?post=20633"}],"version-history":[{"count":3,"href":"https:\/\/skywalk.info\/de\/wp-json\/wp\/v2\/posts\/20633\/revisions"}],"predecessor-version":[{"id":20648,"href":"https:\/\/skywalk.info\/de\/wp-json\/wp\/v2\/posts\/20633\/revisions\/20648"}],"wp:featuredmedia":[{"embeddable":true,"href":"https:\/\/skywalk.info\/de\/wp-json\/wp\/v2\/media\/20643"}],"wp:attachment":[{"href":"https:\/\/skywalk.info\/de\/wp-json\/wp\/v2\/media?parent=20633"}],"wp:term":[{"taxonomy":"category","embeddable":true,"href":"https:\/\/skywalk.info\/de\/wp-json\/wp\/v2\/categories?post=20633"},{"taxonomy":"post_tag","embeddable":true,"href":"https:\/\/skywalk.info\/de\/wp-json\/wp\/v2\/tags?post=20633"}],"curies":[{"name":"wp","href":"https:\/\/api.w.org\/{rel}","templated":true}]}}