{"id":21384,"date":"2018-06-05T07:50:07","date_gmt":"2018-06-05T07:50:07","guid":{"rendered":"https:\/\/skywalk.info\/?p=21384"},"modified":"2018-06-05T07:50:07","modified_gmt":"2018-06-05T07:50:07","slug":"teampilot-uli-strasser-243-6-km-im-deutschen-flachland","status":"publish","type":"post","link":"https:\/\/skywalk.info\/de\/2018\/06\/05\/teampilot-uli-strasser-243-6-km-im-deutschen-flachland\/","title":{"rendered":"Teampilot Uli Stra\u00dfer &#8211; 243.6 km im Deutschen Flachland"},"content":{"rendered":"<p>[et_pb_section bb_built=&#8220;1&#8243; next_background_color=&#8220;#000000&#8243;][et_pb_row][et_pb_column type=&#8220;1_2&#8243;][et_pb_image _builder_version=&#8220;3.4.1&#8243; src=&#8220;https:\/\/skywalk.info\/files\/2018\/06\/20180604_142900.jpg&#8220; \/][\/et_pb_column][et_pb_column type=&#8220;1_2&#8243;][et_pb_image _builder_version=&#8220;3.4.1&#8243; src=&#8220;https:\/\/skywalk.info\/files\/2018\/06\/20180604_190501.jpg&#8220; \/][\/et_pb_column][\/et_pb_row][et_pb_row][et_pb_column type=&#8220;4_4&#8243;][et_pb_text _builder_version=&#8220;3.4.1&#8243;]<\/p>\n<h1>Startplatz: B\u00f6hming<\/h1>\n<h1>Landeplatz: Hubertush\u00fctte<\/h1>\n<p>&nbsp;<\/p>\n<p>skywalk Teampilot Uli Stra\u00dfer flog mit dem <a href=\"https:\/\/skywalk.info\/de\/project\/poison-x-alps\/\" target=\"_blank\" rel=\"noopener\">POISON X-ALPS<\/a> einen super Flug im Deutschen Flachland. 243.6 km standen am Ende auf dem Flugger\u00e4t. <strong>Wir gratulieren!<\/strong><\/p>\n<p>&nbsp;<\/p>\n<p><strong>Uli\u00b4s Worte:<\/strong><\/p>\n<p><em>&#8222;So, jetzt hab ich auch mal einen 200-er im Flachland geschafft. Bezeichnenderweise mein erster 200-er \u00fcberhaupt in diesem Jahr &#8211; und das nicht in den Bergen. Spricht nicht f\u00fcr das Wetter dort oder f\u00fcr mich \ud83d\ude09 Das Wegkommen hat gedauert &#8211; bis ich mich mal getraut hab und am Anfang war es bzw. war ich ziemlich langsam. Paar spannende low-safes hatte ich auch, der Flug \u00fcber das N\u00f6rdlinger Ries samt N\u00f6rdlingen war ein Traum, aber nach dem \u00dcberqueren der A8 hatte ich keinen rechten Schimmer mehr, wo ich bin. Nur der Kontrollezonen-Alarm hat mich zu leichten Ausweichman\u00f6vern gen\u00f6tigt, was bei dem im Westen deutlich zunehmenden NO-Wind gar nicht so einfach war. Bei Donaueschingen hat der Schwarzwald auf Kurs voraus seinem Namen alle Ehre gemacht. Ein dicker, sehr dunkler CB hat mich da beeindruckt und zum Landen ermutigt, auch wenn ich die RMZ dort noch gut h\u00e4tte \u00fcberfliegen k\u00f6nnen. Es hat auch nach 19:00 noch gut getragen und paar km verl\u00e4ngertes Ausgleiten w\u00e4ren schon noch drin gewesen. Aber es war mir einfach zu duster. Landung auf dem Fu\u00dfballplatz beim Training war auch ein guter Plan. Ruckzuck hat mich ein Trainer an die Autobahn gefahren und die Heimreise konnte starten. Danke auch an Frigga und Hans f\u00fcrs Mitnehmen nach B\u00f6hming.&#8220;<\/em><\/p>\n<hr \/>\n<p>&nbsp;<\/p>\n<p>Uli auf Facebook:\u00a0<a href=\"https:\/\/www.facebook.com\/profile.php?id=100008944987803\" target=\"_blank\" rel=\"noopener\">https:\/\/www.facebook.com\/profile.php?id=100008944987803<\/a><\/p>\n<p>Uli auf Instagram:\u00a0<a href=\"https:\/\/www.instagram.com\/ulistrasser\/\" target=\"_blank\" rel=\"noopener\">https:\/\/www.instagram.com\/ulistrasser\/<\/a><\/p>\n<p>&nbsp;<\/p>\n<p>[\/et_pb_text][et_pb_button _builder_version=&#8220;3.4.1&#8243; button_text=&#8220;Hier geht\u00b4s zum Flug!&#8220; button_url=&#8220;https:\/\/www.dhv-xc.de\/leonardo\/index.php?op=show_flight&amp;flightID=998520&#8243; url_new_window=&#8220;on&#8220; custom_button=&#8220;on&#8220; button_text_color=&#8220;#086587&#8243; \/][\/et_pb_column][\/et_pb_row][\/et_pb_section][et_pb_section bb_built=&#8220;1&#8243; fullwidth=&#8220;off&#8220; specialty=&#8220;off&#8220; prev_background_color=&#8220;#000000&#8243;][et_pb_row][et_pb_column type=&#8220;4_4&#8243;][et_pb_image _builder_version=&#8220;3.4.1&#8243; src=&#8220;https:\/\/skywalk.info\/files\/2018\/06\/Flug-Uli-Stra\u00dfer.jpg&#8220; show_in_lightbox=&#8220;on&#8220; \/][\/et_pb_column][\/et_pb_row][\/et_pb_section]<\/p>\n","protected":false},"excerpt":{"rendered":"<p>[et_pb_section bb_built=&#8220;1&#8243; next_background_color=&#8220;#000000&#8243;][et_pb_row][et_pb_column type=&#8220;1_2&#8243;][et_pb_image _builder_version=&#8220;3.4.1&#8243; src=&#8220;https:\/\/skywalk.info\/files\/2018\/06\/20180604_142900.jpg&#8220; \/][\/et_pb_column][et_pb_column type=&#8220;1_2&#8243;][et_pb_image _builder_version=&#8220;3.4.1&#8243; src=&#8220;https:\/\/skywalk.info\/files\/2018\/06\/20180604_190501.jpg&#8220; \/][\/et_pb_column][\/et_pb_row][et_pb_row][et_pb_column type=&#8220;4_4&#8243;][et_pb_text _builder_version=&#8220;3.4.1&#8243;] Startplatz: B\u00f6hming Landeplatz: Hubertush\u00fctte &nbsp; skywalk Teampilot Uli Stra\u00dfer flog mit dem POISON X-ALPS einen super Flug im Deutschen Flachland. 243.6 km standen am Ende auf dem Flugger\u00e4t. Wir gratulieren! &nbsp; Uli\u00b4s Worte: &#8222;So, jetzt hab ich auch mal einen 200-er im [&hellip;]<\/p>\n","protected":false},"author":130,"featured_media":21396,"comment_status":"closed","ping_status":"open","sticky":false,"template":"","format":"standard","meta":{"_et_pb_use_builder":"on","_et_pb_old_content":"","_et_gb_content_width":"","footnotes":""},"categories":[20,28],"tags":[],"yoast_head":"<!-- This site is optimized with the Yoast SEO plugin v22.5 - https:\/\/yoast.com\/wordpress\/plugins\/seo\/ -->\n<title>skywalk paragliders - Uli Stra\u00dfer fliegt 243.6 km im Flachland<\/title>\n<meta name=\"description\" content=\"skywalk Teampilot Uli Stra\u00dfer flog mit dem POISON X-ALPS einen super Flug im Deutschen Flachland. 243.6 km standen am Ende auf dem Flugger\u00e4t. Wir gratulieren!\" \/>\n<meta name=\"robots\" content=\"index, follow, max-snippet:-1, max-image-preview:large, max-video-preview:-1\" \/>\n<link rel=\"canonical\" href=\"https:\/\/skywalk.info\/de\/2018\/06\/05\/teampilot-uli-strasser-243-6-km-im-deutschen-flachland\/\" \/>\n<meta property=\"og:locale\" content=\"de_DE\" \/>\n<meta property=\"og:type\" content=\"article\" \/>\n<meta property=\"og:title\" content=\"skywalk paragliders - Uli Stra\u00dfer fliegt 243.6 km im Flachland\" \/>\n<meta property=\"og:description\" content=\"skywalk Teampilot Uli Stra\u00dfer flog mit dem POISON X-ALPS einen super Flug im Deutschen Flachland. 243.6 km standen am Ende auf dem Flugger\u00e4t. Wir gratulieren!\" \/>\n<meta property=\"og:url\" content=\"https:\/\/skywalk.info\/de\/2018\/06\/05\/teampilot-uli-strasser-243-6-km-im-deutschen-flachland\/\" \/>\n<meta property=\"og:site_name\" content=\"skywalk Paragliders\" \/>\n<meta property=\"article:publisher\" content=\"https:\/\/www.facebook.com\/skywalk.paragliders\/\" \/>\n<meta property=\"article:published_time\" content=\"2018-06-05T07:50:07+00:00\" \/>\n<meta property=\"og:image\" content=\"https:\/\/skywalk.info\/files\/2018\/06\/Uli-Stra\u00dfer-Featured-Image.jpg\" \/>\n\t<meta property=\"og:image:width\" content=\"762\" \/>\n\t<meta property=\"og:image:height\" content=\"866\" \/>\n\t<meta property=\"og:image:type\" content=\"image\/jpeg\" \/>\n<meta name=\"author\" content=\"daniel\" \/>\n<meta name=\"twitter:label1\" content=\"Verfasst von\" \/>\n\t<meta name=\"twitter:data1\" content=\"daniel\" \/>\n\t<meta name=\"twitter:label2\" content=\"Gesch\u00e4tzte Lesezeit\" \/>\n\t<meta name=\"twitter:data2\" content=\"2 Minuten\" \/>\n<script type=\"application\/ld+json\" class=\"yoast-schema-graph\">{\"@context\":\"https:\/\/schema.org\",\"@graph\":[{\"@type\":\"WebPage\",\"@id\":\"https:\/\/skywalk.info\/de\/2018\/06\/05\/teampilot-uli-strasser-243-6-km-im-deutschen-flachland\/\",\"url\":\"https:\/\/skywalk.info\/de\/2018\/06\/05\/teampilot-uli-strasser-243-6-km-im-deutschen-flachland\/\",\"name\":\"skywalk paragliders - Uli Stra\u00dfer fliegt 243.6 km im Flachland\",\"isPartOf\":{\"@id\":\"https:\/\/skywalk.info\/#website\"},\"primaryImageOfPage\":{\"@id\":\"https:\/\/skywalk.info\/de\/2018\/06\/05\/teampilot-uli-strasser-243-6-km-im-deutschen-flachland\/#primaryimage\"},\"image\":{\"@id\":\"https:\/\/skywalk.info\/de\/2018\/06\/05\/teampilot-uli-strasser-243-6-km-im-deutschen-flachland\/#primaryimage\"},\"thumbnailUrl\":\"https:\/\/skywalk.info\/files\/2018\/06\/Uli-Stra\u00dfer-Featured-Image.jpg\",\"datePublished\":\"2018-06-05T07:50:07+00:00\",\"dateModified\":\"2018-06-05T07:50:07+00:00\",\"author\":{\"@id\":\"https:\/\/skywalk.info\/#\/schema\/person\/9ea36be1cccfd900b4f1b2377f9c3b85\"},\"description\":\"skywalk Teampilot Uli Stra\u00dfer flog mit dem POISON X-ALPS einen super Flug im Deutschen Flachland. 243.6 km standen am Ende auf dem Flugger\u00e4t. Wir gratulieren!\",\"breadcrumb\":{\"@id\":\"https:\/\/skywalk.info\/de\/2018\/06\/05\/teampilot-uli-strasser-243-6-km-im-deutschen-flachland\/#breadcrumb\"},\"inLanguage\":\"de-DE\",\"potentialAction\":[{\"@type\":\"ReadAction\",\"target\":[\"https:\/\/skywalk.info\/de\/2018\/06\/05\/teampilot-uli-strasser-243-6-km-im-deutschen-flachland\/\"]}]},{\"@type\":\"ImageObject\",\"inLanguage\":\"de-DE\",\"@id\":\"https:\/\/skywalk.info\/de\/2018\/06\/05\/teampilot-uli-strasser-243-6-km-im-deutschen-flachland\/#primaryimage\",\"url\":\"https:\/\/skywalk.info\/files\/2018\/06\/Uli-Stra\u00dfer-Featured-Image.jpg\",\"contentUrl\":\"https:\/\/skywalk.info\/files\/2018\/06\/Uli-Stra\u00dfer-Featured-Image.jpg\",\"width\":\"762\",\"height\":\"866\",\"caption\":\"Flug Uli Stra\u00dfer Flachland\"},{\"@type\":\"BreadcrumbList\",\"@id\":\"https:\/\/skywalk.info\/de\/2018\/06\/05\/teampilot-uli-strasser-243-6-km-im-deutschen-flachland\/#breadcrumb\",\"itemListElement\":[{\"@type\":\"ListItem\",\"position\":1,\"name\":\"Home\",\"item\":\"https:\/\/skywalk.info\/de\/\"},{\"@type\":\"ListItem\",\"position\":2,\"name\":\"Teampilot Uli Stra\u00dfer &#8211; 243.6 km im Deutschen Flachland\"}]},{\"@type\":\"WebSite\",\"@id\":\"https:\/\/skywalk.info\/#website\",\"url\":\"https:\/\/skywalk.info\/\",\"name\":\"skywalk Paragliders\",\"description\":\"pure passion for flying\",\"potentialAction\":[{\"@type\":\"SearchAction\",\"target\":{\"@type\":\"EntryPoint\",\"urlTemplate\":\"https:\/\/skywalk.info\/?s={search_term_string}\"},\"query-input\":\"required name=search_term_string\"}],\"inLanguage\":\"de-DE\"},{\"@type\":\"Person\",\"@id\":\"https:\/\/skywalk.info\/#\/schema\/person\/9ea36be1cccfd900b4f1b2377f9c3b85\",\"name\":\"daniel\",\"url\":\"https:\/\/skywalk.info\/de\/author\/daniel\/\"}]}<\/script>\n<!-- \/ Yoast SEO plugin. -->","yoast_head_json":{"title":"skywalk paragliders - Uli Stra\u00dfer fliegt 243.6 km im Flachland","description":"skywalk Teampilot Uli Stra\u00dfer flog mit dem POISON X-ALPS einen super Flug im Deutschen Flachland. 243.6 km standen am Ende auf dem Flugger\u00e4t. Wir gratulieren!","robots":{"index":"index","follow":"follow","max-snippet":"max-snippet:-1","max-image-preview":"max-image-preview:large","max-video-preview":"max-video-preview:-1"},"canonical":"https:\/\/skywalk.info\/de\/2018\/06\/05\/teampilot-uli-strasser-243-6-km-im-deutschen-flachland\/","og_locale":"de_DE","og_type":"article","og_title":"skywalk paragliders - Uli Stra\u00dfer fliegt 243.6 km im Flachland","og_description":"skywalk Teampilot Uli Stra\u00dfer flog mit dem POISON X-ALPS einen super Flug im Deutschen Flachland. 243.6 km standen am Ende auf dem Flugger\u00e4t. Wir gratulieren!","og_url":"https:\/\/skywalk.info\/de\/2018\/06\/05\/teampilot-uli-strasser-243-6-km-im-deutschen-flachland\/","og_site_name":"skywalk Paragliders","article_publisher":"https:\/\/www.facebook.com\/skywalk.paragliders\/","article_published_time":"2018-06-05T07:50:07+00:00","og_image":[{"width":"762","height":"866","url":"https:\/\/skywalk.info\/files\/2018\/06\/Uli-Stra\u00dfer-Featured-Image.jpg","type":"image\/jpeg"}],"author":"daniel","twitter_misc":{"Verfasst von":"daniel","Gesch\u00e4tzte Lesezeit":"2 Minuten"},"schema":{"@context":"https:\/\/schema.org","@graph":[{"@type":"WebPage","@id":"https:\/\/skywalk.info\/de\/2018\/06\/05\/teampilot-uli-strasser-243-6-km-im-deutschen-flachland\/","url":"https:\/\/skywalk.info\/de\/2018\/06\/05\/teampilot-uli-strasser-243-6-km-im-deutschen-flachland\/","name":"skywalk paragliders - Uli Stra\u00dfer fliegt 243.6 km im Flachland","isPartOf":{"@id":"https:\/\/skywalk.info\/#website"},"primaryImageOfPage":{"@id":"https:\/\/skywalk.info\/de\/2018\/06\/05\/teampilot-uli-strasser-243-6-km-im-deutschen-flachland\/#primaryimage"},"image":{"@id":"https:\/\/skywalk.info\/de\/2018\/06\/05\/teampilot-uli-strasser-243-6-km-im-deutschen-flachland\/#primaryimage"},"thumbnailUrl":"https:\/\/skywalk.info\/files\/2018\/06\/Uli-Stra\u00dfer-Featured-Image.jpg","datePublished":"2018-06-05T07:50:07+00:00","dateModified":"2018-06-05T07:50:07+00:00","author":{"@id":"https:\/\/skywalk.info\/#\/schema\/person\/9ea36be1cccfd900b4f1b2377f9c3b85"},"description":"skywalk Teampilot Uli Stra\u00dfer flog mit dem POISON X-ALPS einen super Flug im Deutschen Flachland. 243.6 km standen am Ende auf dem Flugger\u00e4t. Wir gratulieren!","breadcrumb":{"@id":"https:\/\/skywalk.info\/de\/2018\/06\/05\/teampilot-uli-strasser-243-6-km-im-deutschen-flachland\/#breadcrumb"},"inLanguage":"de-DE","potentialAction":[{"@type":"ReadAction","target":["https:\/\/skywalk.info\/de\/2018\/06\/05\/teampilot-uli-strasser-243-6-km-im-deutschen-flachland\/"]}]},{"@type":"ImageObject","inLanguage":"de-DE","@id":"https:\/\/skywalk.info\/de\/2018\/06\/05\/teampilot-uli-strasser-243-6-km-im-deutschen-flachland\/#primaryimage","url":"https:\/\/skywalk.info\/files\/2018\/06\/Uli-Stra\u00dfer-Featured-Image.jpg","contentUrl":"https:\/\/skywalk.info\/files\/2018\/06\/Uli-Stra\u00dfer-Featured-Image.jpg","width":"762","height":"866","caption":"Flug Uli Stra\u00dfer Flachland"},{"@type":"BreadcrumbList","@id":"https:\/\/skywalk.info\/de\/2018\/06\/05\/teampilot-uli-strasser-243-6-km-im-deutschen-flachland\/#breadcrumb","itemListElement":[{"@type":"ListItem","position":1,"name":"Home","item":"https:\/\/skywalk.info\/de\/"},{"@type":"ListItem","position":2,"name":"Teampilot Uli Stra\u00dfer &#8211; 243.6 km im Deutschen Flachland"}]},{"@type":"WebSite","@id":"https:\/\/skywalk.info\/#website","url":"https:\/\/skywalk.info\/","name":"skywalk Paragliders","description":"pure passion for flying","potentialAction":[{"@type":"SearchAction","target":{"@type":"EntryPoint","urlTemplate":"https:\/\/skywalk.info\/?s={search_term_string}"},"query-input":"required name=search_term_string"}],"inLanguage":"de-DE"},{"@type":"Person","@id":"https:\/\/skywalk.info\/#\/schema\/person\/9ea36be1cccfd900b4f1b2377f9c3b85","name":"daniel","url":"https:\/\/skywalk.info\/de\/author\/daniel\/"}]}},"_links":{"self":[{"href":"https:\/\/skywalk.info\/de\/wp-json\/wp\/v2\/posts\/21384"}],"collection":[{"href":"https:\/\/skywalk.info\/de\/wp-json\/wp\/v2\/posts"}],"about":[{"href":"https:\/\/skywalk.info\/de\/wp-json\/wp\/v2\/types\/post"}],"author":[{"embeddable":true,"href":"https:\/\/skywalk.info\/de\/wp-json\/wp\/v2\/users\/130"}],"replies":[{"embeddable":true,"href":"https:\/\/skywalk.info\/de\/wp-json\/wp\/v2\/comments?post=21384"}],"version-history":[{"count":2,"href":"https:\/\/skywalk.info\/de\/wp-json\/wp\/v2\/posts\/21384\/revisions"}],"predecessor-version":[{"id":21395,"href":"https:\/\/skywalk.info\/de\/wp-json\/wp\/v2\/posts\/21384\/revisions\/21395"}],"wp:featuredmedia":[{"embeddable":true,"href":"https:\/\/skywalk.info\/de\/wp-json\/wp\/v2\/media\/21396"}],"wp:attachment":[{"href":"https:\/\/skywalk.info\/de\/wp-json\/wp\/v2\/media?parent=21384"}],"wp:term":[{"taxonomy":"category","embeddable":true,"href":"https:\/\/skywalk.info\/de\/wp-json\/wp\/v2\/categories?post=21384"},{"taxonomy":"post_tag","embeddable":true,"href":"https:\/\/skywalk.info\/de\/wp-json\/wp\/v2\/tags?post=21384"}],"curies":[{"name":"wp","href":"https:\/\/api.w.org\/{rel}","templated":true}]}}