{"id":21735,"date":"2018-07-16T14:22:54","date_gmt":"2018-07-16T14:22:54","guid":{"rendered":"https:\/\/skywalk.info\/?p=21735"},"modified":"2018-07-17T12:30:59","modified_gmt":"2018-07-17T12:30:59","slug":"armin-harich-124-2-km-im-deutschen-flachland","status":"publish","type":"post","link":"https:\/\/skywalk.info\/de\/2018\/07\/16\/armin-harich-124-2-km-im-deutschen-flachland\/","title":{"rendered":"Armin Harich &#8211; 124.2 km im deutschen Flachland"},"content":{"rendered":"<p>[et_pb_section bb_built=&#8220;1&#8243; fullwidth=&#8220;off&#8220; specialty=&#8220;off&#8220; next_background_color=&#8220;#000000&#8243;][et_pb_row][et_pb_column type=&#8220;4_4&#8243;][et_pb_video _builder_version=&#8220;3.9&#8243; src=&#8220;https:\/\/www.youtube.com\/watch?v=F2CIdRI7yCc&amp;feature=youtu.be&#8220; \/][\/et_pb_column][\/et_pb_row][\/et_pb_section][et_pb_section bb_built=&#8220;1&#8243; next_background_color=&#8220;#000000&#8243; prev_background_color=&#8220;#000000&#8243;][et_pb_row][et_pb_column type=&#8220;1_2&#8243;][et_pb_image _builder_version=&#8220;3.9&#8243; src=&#8220;https:\/\/skywalk.info\/files\/2018\/07\/Armin-Flug-Flachland.jpg&#8220; show_in_lightbox=&#8220;on&#8220; \/][\/et_pb_column][et_pb_column type=&#8220;1_2&#8243;][et_pb_text _builder_version=&#8220;3.9&#8243;]<\/p>\n<h2>Bericht von Armin Harich:<\/h2>\n<p>&nbsp;<\/p>\n<p><strong><em>&#8222;Leider habe ich dieses Jahr wie schon angek\u00fcndigt ganz wenig Zeit zum XC-Fliegen. Aber wenn ich mal losgehe, ist die Freude und Motivation um zu gr\u00f6\u00dfer&#8230;&#8220;<\/em><\/strong><\/p>\n<p>&nbsp;<\/p>\n<p>Leider habe ich dieses Jahr wie schon angek\u00fcndigt ganz wenig Zeit zum XC-Fliegen. Aber wenn ich mal losgehe, ist die Freude und Motivation um zu gr\u00f6\u00dfer.<\/p>\n<p>Danke an Peter Fritz von\u00a0https:\/\/www.paragliding-westerwald.de, das er uns zwischen seinen Sch\u00fclern die Chance gab an die Basis zu kommen. Nach 2x fr\u00fchem nix finden, Winden umbau, konnte Wolfgang Freund sch\u00f6n aufdrehen.<br \/>\nIch hatte fetten R\u00fcckenwind, In der ersten Phase, als der Schirm nicht mehr von hinten umklappte rannte ich mit vollem Sprint los und konnte doch noch zu Wolfgang aufschlie\u00dfen.<\/p>\n<h3><\/h3>\n<p>[\/et_pb_text][\/et_pb_column][\/et_pb_row][\/et_pb_section][et_pb_section bb_built=&#8220;1&#8243; fullwidth=&#8220;off&#8220; specialty=&#8220;off&#8220; prev_background_color=&#8220;#000000&#8243;][et_pb_row][et_pb_column type=&#8220;4_4&#8243;][et_pb_text _builder_version=&#8220;3.9&#8243;]<\/p>\n<p>Wir konnten sch\u00f6n mit den Segelfliegern gute H\u00f6he tanken und uns trotzt fast blauem Himmel z\u00fcgig Richtung Osten zu den Wolken im Sauerland vorhangeln.<br \/>\nGeplant hatte ich die Bojen im Osten etwas weiter n\u00f6rdlich. Das Wetter war blauer als bef\u00fcrchtet. Es gab keine Schauer. So legte ich meine Bojen s\u00fcdlicher, um die Wolken im Westen besser zu nutzen. Eigentlich h\u00e4tte ich die erste Boje noch weiter s\u00fcdlich setzen m\u00fcssen.\u00a0Dann h\u00e4tte die n\u00f6rdliche Boje nicht im blauen liegen m\u00fcssen und besser unter den Wolken nach Norden reiten.<\/p>\n<p>Ich muss sagen, aus 2750 sieht das Sauerland schon klein aus. Ein cooler Ritt bis ins blaue zu meiner Wende. Im blauen war es aber zu z\u00e4h, das ich die Wende nicht noch weiter nach Norden legen wollte. Eigentlich eine Schande, so fr\u00fch schon umzudrehen.<\/p>\n<p>Es war aber wohl eine gute ans Wetter angepasste Entscheidung.\u00a0In Siegen hat es mich dann n\u00e4mlich gefressen. Eine Windfahne im Ort zeigte strammen Ost an, sodass ich mich am Ostrand \u00fcber den Notlandefl\u00e4chen wieder hoch schaffen konnte. Irgendwann verlor ich dann doch den Bar und es sp\u00fclte mich gleich wieder in Siegener Loch. Ob es doch besser gewesen w\u00e4re \u00fcber die Hochfl\u00e4chen \u00f6stlich von Siegen zu fliegen? Ich wei\u00df es nicht\u2026<\/p>\n<p>Unter Hang-H\u00f6he mit Notlandefl\u00e4che im Gleitwinkel, konnte ich mit Schwalbenhilfe ganz langsam wieder ausgraben. Ich konnte langsam \u00fcber mir die Maschinen auf dem Landeplatz Siegen Eisenhardt Einlanden sehen oder eher vermuten da sie irgendwann ja im &#8222;Wald verschwanden&#8220;. Irgendwann war ich \u00fcber dem Landeplatz. Dank Flarm, hatte ich hier ein besseres Gef\u00fchl gesehen zu werden.<\/p>\n<p>Diesmal biss ich mich fest im Bart. Unter mir die Flugschule von Claus Fischer. Diesmal hatte ich keine Zeit ihn noch anzurufen. Nicht mal meine Kamera wollte ich rausholen. Ich wollte die Aufgabe zu Ende fliegen.<br \/>\nIch packte es wieder bis fast an die Wolken und konnte so meinen Flug bis hinter die Schleppstreche nach Westen auf das noch maximal m\u00f6gliche ausdehnen. Eigentlich eine Schande, schon landen zu gehen, wenn es im Geradeausflug mit 4m\/s zieht.<\/p>\n<p>Abends um 21:00 standen immer noch Cumuli am Himmel.<br \/>\nIch genie\u00dfe die letzten 20 Minuten und geselle mich wieder zu Peter Fritz und seiner netten Truppe. Danke nochmal f\u00fcr die Schlepps.<\/p>\n<p>Nach einigen Jahren habe ich es endlich mal geschafft, euch zu besuchen. Und das auch noch mit einem so sch\u00f6nen Flug.<\/p>\n<p>&nbsp;<\/p>\n<hr \/>\n<p><a href=\"https:\/\/skywalk.info\/de\/project\/cumeo\/\" target=\"_blank\" rel=\"noopener\">CUMEO<\/a><\/p>\n<p><a href=\"https:\/\/www.facebook.com\/armin.harich?ref=br_rs\" target=\"_blank\" rel=\"noopener\">Armin Facebook<\/a><\/p>\n<p><a href=\"https:\/\/lu-glidz.blogspot.com\/2018\/07\/deutsche-dreieckstage.html\" target=\"_blank\" rel=\"noopener\">Bericht von Lu-Glidz<\/a><\/p>\n<p><a href=\"https:\/\/www.xccup.net\/\" target=\"_blank\" rel=\"noopener\">skywalk paragliders im XCCUP nun vorne<\/a><\/p>\n<p>[\/et_pb_text][\/et_pb_column][\/et_pb_row][\/et_pb_section]<\/p>\n","protected":false},"excerpt":{"rendered":"<p>[et_pb_section bb_built=&#8220;1&#8243; fullwidth=&#8220;off&#8220; specialty=&#8220;off&#8220; next_background_color=&#8220;#000000&#8243;][et_pb_row][et_pb_column type=&#8220;4_4&#8243;][et_pb_video _builder_version=&#8220;3.9&#8243; src=&#8220;https:\/\/www.youtube.com\/watch?v=F2CIdRI7yCc&amp;feature=youtu.be&#8220; \/][\/et_pb_column][\/et_pb_row][\/et_pb_section][et_pb_section bb_built=&#8220;1&#8243; next_background_color=&#8220;#000000&#8243; prev_background_color=&#8220;#000000&#8243;][et_pb_row][et_pb_column type=&#8220;1_2&#8243;][et_pb_image _builder_version=&#8220;3.9&#8243; src=&#8220;https:\/\/skywalk.info\/files\/2018\/07\/Armin-Flug-Flachland.jpg&#8220; show_in_lightbox=&#8220;on&#8220; \/][\/et_pb_column][et_pb_column type=&#8220;1_2&#8243;][et_pb_text _builder_version=&#8220;3.9&#8243;] Bericht von Armin Harich: &nbsp; &#8222;Leider habe ich dieses Jahr wie schon angek\u00fcndigt ganz wenig Zeit zum XC-Fliegen. Aber wenn ich mal losgehe, ist die Freude und Motivation um zu gr\u00f6\u00dfer&#8230;&#8220; &nbsp; Leider habe ich dieses [&hellip;]<\/p>\n","protected":false},"author":130,"featured_media":21740,"comment_status":"closed","ping_status":"open","sticky":false,"template":"","format":"standard","meta":{"_et_pb_use_builder":"on","_et_pb_old_content":"","_et_gb_content_width":"","footnotes":""},"categories":[20,28],"tags":[],"yoast_head":"<!-- This site is optimized with the Yoast SEO plugin v22.5 - https:\/\/yoast.com\/wordpress\/plugins\/seo\/ -->\n<title>skywalk paragliders - Armin Harich fliegt 124 km im Deutschen Flachland<\/title>\n<meta name=\"description\" content=\"Wir konnten sch\u00f6n mit den Segelfliegern gute H\u00f6he tanken und uns trotzt fast blauem Himmel z\u00fcgig Richtung Osten zu den Wolken im Sauerland vorhangeln.\" \/>\n<meta name=\"robots\" content=\"index, follow, max-snippet:-1, max-image-preview:large, max-video-preview:-1\" \/>\n<link rel=\"canonical\" href=\"https:\/\/skywalk.info\/de\/2018\/07\/16\/armin-harich-124-2-km-im-deutschen-flachland\/\" \/>\n<meta property=\"og:locale\" content=\"de_DE\" \/>\n<meta property=\"og:type\" content=\"article\" \/>\n<meta property=\"og:title\" content=\"skywalk paragliders - Armin Harich fliegt 124 km im Deutschen Flachland\" \/>\n<meta property=\"og:description\" content=\"Wir konnten sch\u00f6n mit den Segelfliegern gute H\u00f6he tanken und uns trotzt fast blauem Himmel z\u00fcgig Richtung Osten zu den Wolken im Sauerland vorhangeln.\" \/>\n<meta property=\"og:url\" content=\"https:\/\/skywalk.info\/de\/2018\/07\/16\/armin-harich-124-2-km-im-deutschen-flachland\/\" \/>\n<meta property=\"og:site_name\" content=\"skywalk Paragliders\" \/>\n<meta property=\"article:publisher\" content=\"https:\/\/www.facebook.com\/skywalk.paragliders\/\" \/>\n<meta property=\"article:published_time\" content=\"2018-07-16T14:22:54+00:00\" \/>\n<meta property=\"article:modified_time\" content=\"2018-07-17T12:30:59+00:00\" \/>\n<meta property=\"og:image\" content=\"https:\/\/skywalk.info\/files\/2018\/07\/Armin-Flug-Flachland_1.jpg\" \/>\n\t<meta property=\"og:image:width\" content=\"762\" \/>\n\t<meta property=\"og:image:height\" content=\"904\" \/>\n\t<meta property=\"og:image:type\" content=\"image\/jpeg\" \/>\n<meta name=\"author\" content=\"daniel\" \/>\n<meta name=\"twitter:label1\" content=\"Verfasst von\" \/>\n\t<meta name=\"twitter:data1\" content=\"daniel\" \/>\n\t<meta name=\"twitter:label2\" content=\"Gesch\u00e4tzte Lesezeit\" \/>\n\t<meta name=\"twitter:data2\" content=\"3 Minuten\" \/>\n<script type=\"application\/ld+json\" class=\"yoast-schema-graph\">{\"@context\":\"https:\/\/schema.org\",\"@graph\":[{\"@type\":\"WebPage\",\"@id\":\"https:\/\/skywalk.info\/de\/2018\/07\/16\/armin-harich-124-2-km-im-deutschen-flachland\/\",\"url\":\"https:\/\/skywalk.info\/de\/2018\/07\/16\/armin-harich-124-2-km-im-deutschen-flachland\/\",\"name\":\"skywalk paragliders - Armin Harich fliegt 124 km im Deutschen Flachland\",\"isPartOf\":{\"@id\":\"https:\/\/skywalk.info\/#website\"},\"primaryImageOfPage\":{\"@id\":\"https:\/\/skywalk.info\/de\/2018\/07\/16\/armin-harich-124-2-km-im-deutschen-flachland\/#primaryimage\"},\"image\":{\"@id\":\"https:\/\/skywalk.info\/de\/2018\/07\/16\/armin-harich-124-2-km-im-deutschen-flachland\/#primaryimage\"},\"thumbnailUrl\":\"https:\/\/skywalk.info\/files\/2018\/07\/Armin-Flug-Flachland_1.jpg\",\"datePublished\":\"2018-07-16T14:22:54+00:00\",\"dateModified\":\"2018-07-17T12:30:59+00:00\",\"author\":{\"@id\":\"https:\/\/skywalk.info\/#\/schema\/person\/9ea36be1cccfd900b4f1b2377f9c3b85\"},\"description\":\"Wir konnten sch\u00f6n mit den Segelfliegern gute H\u00f6he tanken und uns trotzt fast blauem Himmel z\u00fcgig Richtung Osten zu den Wolken im Sauerland vorhangeln.\",\"breadcrumb\":{\"@id\":\"https:\/\/skywalk.info\/de\/2018\/07\/16\/armin-harich-124-2-km-im-deutschen-flachland\/#breadcrumb\"},\"inLanguage\":\"de-DE\",\"potentialAction\":[{\"@type\":\"ReadAction\",\"target\":[\"https:\/\/skywalk.info\/de\/2018\/07\/16\/armin-harich-124-2-km-im-deutschen-flachland\/\"]}]},{\"@type\":\"ImageObject\",\"inLanguage\":\"de-DE\",\"@id\":\"https:\/\/skywalk.info\/de\/2018\/07\/16\/armin-harich-124-2-km-im-deutschen-flachland\/#primaryimage\",\"url\":\"https:\/\/skywalk.info\/files\/2018\/07\/Armin-Flug-Flachland_1.jpg\",\"contentUrl\":\"https:\/\/skywalk.info\/files\/2018\/07\/Armin-Flug-Flachland_1.jpg\",\"width\":\"762\",\"height\":\"904\"},{\"@type\":\"BreadcrumbList\",\"@id\":\"https:\/\/skywalk.info\/de\/2018\/07\/16\/armin-harich-124-2-km-im-deutschen-flachland\/#breadcrumb\",\"itemListElement\":[{\"@type\":\"ListItem\",\"position\":1,\"name\":\"Home\",\"item\":\"https:\/\/skywalk.info\/de\/\"},{\"@type\":\"ListItem\",\"position\":2,\"name\":\"Armin Harich &#8211; 124.2 km im deutschen Flachland\"}]},{\"@type\":\"WebSite\",\"@id\":\"https:\/\/skywalk.info\/#website\",\"url\":\"https:\/\/skywalk.info\/\",\"name\":\"skywalk Paragliders\",\"description\":\"pure passion for flying\",\"potentialAction\":[{\"@type\":\"SearchAction\",\"target\":{\"@type\":\"EntryPoint\",\"urlTemplate\":\"https:\/\/skywalk.info\/?s={search_term_string}\"},\"query-input\":\"required name=search_term_string\"}],\"inLanguage\":\"de-DE\"},{\"@type\":\"Person\",\"@id\":\"https:\/\/skywalk.info\/#\/schema\/person\/9ea36be1cccfd900b4f1b2377f9c3b85\",\"name\":\"daniel\",\"url\":\"https:\/\/skywalk.info\/de\/author\/daniel\/\"}]}<\/script>\n<!-- \/ Yoast SEO plugin. -->","yoast_head_json":{"title":"skywalk paragliders - Armin Harich fliegt 124 km im Deutschen Flachland","description":"Wir konnten sch\u00f6n mit den Segelfliegern gute H\u00f6he tanken und uns trotzt fast blauem Himmel z\u00fcgig Richtung Osten zu den Wolken im Sauerland vorhangeln.","robots":{"index":"index","follow":"follow","max-snippet":"max-snippet:-1","max-image-preview":"max-image-preview:large","max-video-preview":"max-video-preview:-1"},"canonical":"https:\/\/skywalk.info\/de\/2018\/07\/16\/armin-harich-124-2-km-im-deutschen-flachland\/","og_locale":"de_DE","og_type":"article","og_title":"skywalk paragliders - Armin Harich fliegt 124 km im Deutschen Flachland","og_description":"Wir konnten sch\u00f6n mit den Segelfliegern gute H\u00f6he tanken und uns trotzt fast blauem Himmel z\u00fcgig Richtung Osten zu den Wolken im Sauerland vorhangeln.","og_url":"https:\/\/skywalk.info\/de\/2018\/07\/16\/armin-harich-124-2-km-im-deutschen-flachland\/","og_site_name":"skywalk Paragliders","article_publisher":"https:\/\/www.facebook.com\/skywalk.paragliders\/","article_published_time":"2018-07-16T14:22:54+00:00","article_modified_time":"2018-07-17T12:30:59+00:00","og_image":[{"width":"762","height":"904","url":"https:\/\/skywalk.info\/files\/2018\/07\/Armin-Flug-Flachland_1.jpg","type":"image\/jpeg"}],"author":"daniel","twitter_misc":{"Verfasst von":"daniel","Gesch\u00e4tzte Lesezeit":"3 Minuten"},"schema":{"@context":"https:\/\/schema.org","@graph":[{"@type":"WebPage","@id":"https:\/\/skywalk.info\/de\/2018\/07\/16\/armin-harich-124-2-km-im-deutschen-flachland\/","url":"https:\/\/skywalk.info\/de\/2018\/07\/16\/armin-harich-124-2-km-im-deutschen-flachland\/","name":"skywalk paragliders - Armin Harich fliegt 124 km im Deutschen Flachland","isPartOf":{"@id":"https:\/\/skywalk.info\/#website"},"primaryImageOfPage":{"@id":"https:\/\/skywalk.info\/de\/2018\/07\/16\/armin-harich-124-2-km-im-deutschen-flachland\/#primaryimage"},"image":{"@id":"https:\/\/skywalk.info\/de\/2018\/07\/16\/armin-harich-124-2-km-im-deutschen-flachland\/#primaryimage"},"thumbnailUrl":"https:\/\/skywalk.info\/files\/2018\/07\/Armin-Flug-Flachland_1.jpg","datePublished":"2018-07-16T14:22:54+00:00","dateModified":"2018-07-17T12:30:59+00:00","author":{"@id":"https:\/\/skywalk.info\/#\/schema\/person\/9ea36be1cccfd900b4f1b2377f9c3b85"},"description":"Wir konnten sch\u00f6n mit den Segelfliegern gute H\u00f6he tanken und uns trotzt fast blauem Himmel z\u00fcgig Richtung Osten zu den Wolken im Sauerland vorhangeln.","breadcrumb":{"@id":"https:\/\/skywalk.info\/de\/2018\/07\/16\/armin-harich-124-2-km-im-deutschen-flachland\/#breadcrumb"},"inLanguage":"de-DE","potentialAction":[{"@type":"ReadAction","target":["https:\/\/skywalk.info\/de\/2018\/07\/16\/armin-harich-124-2-km-im-deutschen-flachland\/"]}]},{"@type":"ImageObject","inLanguage":"de-DE","@id":"https:\/\/skywalk.info\/de\/2018\/07\/16\/armin-harich-124-2-km-im-deutschen-flachland\/#primaryimage","url":"https:\/\/skywalk.info\/files\/2018\/07\/Armin-Flug-Flachland_1.jpg","contentUrl":"https:\/\/skywalk.info\/files\/2018\/07\/Armin-Flug-Flachland_1.jpg","width":"762","height":"904"},{"@type":"BreadcrumbList","@id":"https:\/\/skywalk.info\/de\/2018\/07\/16\/armin-harich-124-2-km-im-deutschen-flachland\/#breadcrumb","itemListElement":[{"@type":"ListItem","position":1,"name":"Home","item":"https:\/\/skywalk.info\/de\/"},{"@type":"ListItem","position":2,"name":"Armin Harich &#8211; 124.2 km im deutschen Flachland"}]},{"@type":"WebSite","@id":"https:\/\/skywalk.info\/#website","url":"https:\/\/skywalk.info\/","name":"skywalk Paragliders","description":"pure passion for flying","potentialAction":[{"@type":"SearchAction","target":{"@type":"EntryPoint","urlTemplate":"https:\/\/skywalk.info\/?s={search_term_string}"},"query-input":"required name=search_term_string"}],"inLanguage":"de-DE"},{"@type":"Person","@id":"https:\/\/skywalk.info\/#\/schema\/person\/9ea36be1cccfd900b4f1b2377f9c3b85","name":"daniel","url":"https:\/\/skywalk.info\/de\/author\/daniel\/"}]}},"_links":{"self":[{"href":"https:\/\/skywalk.info\/de\/wp-json\/wp\/v2\/posts\/21735"}],"collection":[{"href":"https:\/\/skywalk.info\/de\/wp-json\/wp\/v2\/posts"}],"about":[{"href":"https:\/\/skywalk.info\/de\/wp-json\/wp\/v2\/types\/post"}],"author":[{"embeddable":true,"href":"https:\/\/skywalk.info\/de\/wp-json\/wp\/v2\/users\/130"}],"replies":[{"embeddable":true,"href":"https:\/\/skywalk.info\/de\/wp-json\/wp\/v2\/comments?post=21735"}],"version-history":[{"count":5,"href":"https:\/\/skywalk.info\/de\/wp-json\/wp\/v2\/posts\/21735\/revisions"}],"predecessor-version":[{"id":21754,"href":"https:\/\/skywalk.info\/de\/wp-json\/wp\/v2\/posts\/21735\/revisions\/21754"}],"wp:featuredmedia":[{"embeddable":true,"href":"https:\/\/skywalk.info\/de\/wp-json\/wp\/v2\/media\/21740"}],"wp:attachment":[{"href":"https:\/\/skywalk.info\/de\/wp-json\/wp\/v2\/media?parent=21735"}],"wp:term":[{"taxonomy":"category","embeddable":true,"href":"https:\/\/skywalk.info\/de\/wp-json\/wp\/v2\/categories?post=21735"},{"taxonomy":"post_tag","embeddable":true,"href":"https:\/\/skywalk.info\/de\/wp-json\/wp\/v2\/tags?post=21735"}],"curies":[{"name":"wp","href":"https:\/\/api.w.org\/{rel}","templated":true}]}}