{"id":20514,"date":"2018-04-09T13:39:40","date_gmt":"2018-04-09T13:39:40","guid":{"rendered":"https:\/\/skywalk.info\/?p=20514"},"modified":"2018-04-09T13:39:40","modified_gmt":"2018-04-09T13:39:40","slug":"hikefly-weekend-with-skywalk-team-pilots","status":"publish","type":"post","link":"https:\/\/skywalk.info\/fr\/2018\/04\/09\/hikefly-weekend-with-skywalk-team-pilots\/","title":{"rendered":"Hike&amp;Fly Weekend with skywalk team pilots"},"content":{"rendered":"<p>[et_pb_section bb_built=&nbsp;&raquo;1&Prime;][et_pb_row][et_pb_column type=&nbsp;&raquo;4_4&Prime;][et_pb_text _builder_version=&nbsp;&raquo;3.0.106&Prime; background_layout=&nbsp;&raquo;light&nbsp;&raquo;]<\/p>\n<p>&nbsp;<\/p>\n<h1>Story:<\/h1>\n<p>&nbsp;<\/p>\n<p>&laquo;&nbsp;On Friday evening, after a day of flying, we decided to go to Gemona for the weekend to escape the foehn-wind at home.<\/p>\n<p>On Saturday, we launched at noon in Gemona and flew together to Meduno. After a few glider games and some soaring, we flew back to Gemona. Simon, Michi and I landed on top of Monte Canan, unpacked our sleeping bags and mats, and glided down to the valley for a sunset pizza. After dinner, we set off to climb the <strong>1100 vertical meters<\/strong> back to the summit of Monte Canan where we spent the night under the stars. The next morning we launched from the summit and flew to the official launch site a few hundred meters further down where fresh marmalade croissants were waiting for us. After breakfast we laid out a <strong>75km<\/strong> training task, which we were able to fly in fantastic conditions in 3 hours. And then suddenly the weekend was over.&nbsp;&raquo;<\/p>\n<p>&nbsp;<\/p>\n<pre>- Thomas Friedrich<\/pre>\n<p>&nbsp;<\/p>\n<p>[\/et_pb_text][\/et_pb_column][\/et_pb_row][et_pb_row][et_pb_column type=&nbsp;&raquo;1_2&Prime;][et_pb_gallery _builder_version=&nbsp;&raquo;3.0.106&Prime; show_title_and_caption=&nbsp;&raquo;off&nbsp;&raquo; show_pagination=&nbsp;&raquo;off&nbsp;&raquo; fullwidth=&nbsp;&raquo;on&nbsp;&raquo; db_image_max_width_tablet=&nbsp;&raquo;51&Prime; db_image_max_height_tablet=&nbsp;&raquo;501&Prime; db_image_row_spacing_tablet=&nbsp;&raquo;51&Prime; db_image_object_fit=&nbsp;&raquo;initial&nbsp;&raquo; orientation=&nbsp;&raquo;landscape&nbsp;&raquo; zoom_icon_color=&nbsp;&raquo;#8dbe21&Prime; hover_overlay_color=&nbsp;&raquo;rgba(255,255,255,0.66)&nbsp;&raquo; background_layout=&nbsp;&raquo;light&nbsp;&raquo; db_image_center_titles=&nbsp;&raquo;left&nbsp;&raquo; pagination_font_size_tablet=&nbsp;&raquo;51&Prime; pagination_line_height_tablet=&nbsp;&raquo;2&Prime; posts_number=&nbsp;&raquo;5&Prime; gallery_ids=&nbsp;&raquo;20484,20488,20491,20494,20497&Prime; \/][\/et_pb_column][et_pb_column type=&nbsp;&raquo;1_2&Prime;][et_pb_gallery _builder_version=&nbsp;&raquo;3.0.106&Prime; show_title_and_caption=&nbsp;&raquo;on&nbsp;&raquo; show_pagination=&nbsp;&raquo;on&nbsp;&raquo; fullwidth=&nbsp;&raquo;on&nbsp;&raquo; db_image_max_width_tablet=&nbsp;&raquo;51&Prime; db_image_max_height_tablet=&nbsp;&raquo;501&Prime; db_image_row_spacing_tablet=&nbsp;&raquo;51&Prime; db_image_object_fit=&nbsp;&raquo;initial&nbsp;&raquo; orientation=&nbsp;&raquo;landscape&nbsp;&raquo; zoom_icon_color=&nbsp;&raquo;#8dbe21&Prime; hover_overlay_color=&nbsp;&raquo;rgba(255,255,255,0.66)&nbsp;&raquo; background_layout=&nbsp;&raquo;light&nbsp;&raquo; db_image_center_titles=&nbsp;&raquo;left&nbsp;&raquo; pagination_font_size_tablet=&nbsp;&raquo;51&Prime; pagination_line_height_tablet=&nbsp;&raquo;2&Prime; gallery_ids=&nbsp;&raquo;20501,20510,20504,20507&Prime; \/][\/et_pb_column][\/et_pb_row][\/et_pb_section]<\/p>\n","protected":false},"excerpt":{"rendered":"<p>[et_pb_section bb_built=&nbsp;&raquo;1&Prime;][et_pb_row][et_pb_column type=&nbsp;&raquo;4_4&Prime;][et_pb_text _builder_version=&nbsp;&raquo;3.0.106&Prime; background_layout=&nbsp;&raquo;light&nbsp;&raquo;] &nbsp; Story: &nbsp; &laquo;&nbsp;On Friday evening, after a day of flying, we decided to go to Gemona for the weekend to escape the foehn-wind at home. On Saturday, we launched at noon in Gemona and flew together to Meduno. After a few glider games and some soaring, we flew back [&hellip;]<\/p>\n","protected":false},"author":130,"featured_media":20485,"comment_status":"closed","ping_status":"open","sticky":false,"template":"","format":"standard","meta":{"_et_pb_use_builder":"on","_et_pb_old_content":"","_et_gb_content_width":"","footnotes":""},"categories":[48],"tags":[],"yoast_head":"<!-- This site is optimized with the Yoast SEO plugin v22.5 - https:\/\/yoast.com\/wordpress\/plugins\/seo\/ -->\n<title>skywalk paragliders - Hike&amp;Fly weekend with team pilots<\/title>\n<meta name=\"description\" content=\"On Friday evening, after a day of flying, we decided to go to Gemona for the weekend to escape the foehn-wind at home. On Saturday, we launched at noon in Gemona and flew together to Meduno.\" \/>\n<meta name=\"robots\" content=\"index, follow, max-snippet:-1, max-image-preview:large, max-video-preview:-1\" \/>\n<link rel=\"canonical\" href=\"https:\/\/skywalk.info\/2018\/04\/09\/hikefly-weekend-with-skywalk-team-pilots\/\" \/>\n<meta property=\"og:locale\" content=\"fr_FR\" \/>\n<meta property=\"og:type\" content=\"article\" \/>\n<meta property=\"og:title\" content=\"skywalk paragliders - Hike&amp;Fly weekend with team pilots\" \/>\n<meta property=\"og:description\" content=\"On Friday evening, after a day of flying, we decided to go to Gemona for the weekend to escape the foehn-wind at home. On Saturday, we launched at noon in Gemona and flew together to Meduno.\" \/>\n<meta property=\"og:url\" content=\"https:\/\/skywalk.info\/2018\/04\/09\/hikefly-weekend-with-skywalk-team-pilots\/\" \/>\n<meta property=\"og:site_name\" content=\"skywalk Paragliders\" \/>\n<meta property=\"article:publisher\" content=\"https:\/\/www.facebook.com\/skywalk.paragliders\/\" \/>\n<meta property=\"article:published_time\" content=\"2018-04-09T13:39:40+00:00\" \/>\n<meta property=\"og:image\" content=\"https:\/\/skywalk.info\/files\/2018\/04\/6.jpg\" \/>\n\t<meta property=\"og:image:width\" content=\"1600\" \/>\n\t<meta property=\"og:image:height\" content=\"1200\" \/>\n\t<meta property=\"og:image:type\" content=\"image\/jpeg\" \/>\n<meta name=\"author\" content=\"daniel\" \/>\n<meta name=\"twitter:label1\" content=\"\u00c9crit par\" \/>\n\t<meta name=\"twitter:data1\" content=\"daniel\" \/>\n\t<meta name=\"twitter:label2\" content=\"Dur\u00e9e de lecture estim\u00e9e\" \/>\n\t<meta name=\"twitter:data2\" content=\"2 minutes\" \/>\n<script type=\"application\/ld+json\" class=\"yoast-schema-graph\">{\"@context\":\"https:\/\/schema.org\",\"@graph\":[{\"@type\":\"WebPage\",\"@id\":\"https:\/\/skywalk.info\/2018\/04\/09\/hikefly-weekend-with-skywalk-team-pilots\/\",\"url\":\"https:\/\/skywalk.info\/2018\/04\/09\/hikefly-weekend-with-skywalk-team-pilots\/\",\"name\":\"skywalk paragliders - Hike&Fly weekend with team pilots\",\"isPartOf\":{\"@id\":\"https:\/\/skywalk.info\/#website\"},\"primaryImageOfPage\":{\"@id\":\"https:\/\/skywalk.info\/2018\/04\/09\/hikefly-weekend-with-skywalk-team-pilots\/#primaryimage\"},\"image\":{\"@id\":\"https:\/\/skywalk.info\/2018\/04\/09\/hikefly-weekend-with-skywalk-team-pilots\/#primaryimage\"},\"thumbnailUrl\":\"https:\/\/skywalk.info\/files\/2018\/04\/6.jpg\",\"datePublished\":\"2018-04-09T13:39:40+00:00\",\"dateModified\":\"2018-04-09T13:39:40+00:00\",\"author\":{\"@id\":\"https:\/\/skywalk.info\/#\/schema\/person\/9ea36be1cccfd900b4f1b2377f9c3b85\"},\"description\":\"On Friday evening, after a day of flying, we decided to go to Gemona for the weekend to escape the foehn-wind at home. On Saturday, we launched at noon in Gemona and flew together to Meduno.\",\"breadcrumb\":{\"@id\":\"https:\/\/skywalk.info\/2018\/04\/09\/hikefly-weekend-with-skywalk-team-pilots\/#breadcrumb\"},\"inLanguage\":\"fr-FR\",\"potentialAction\":[{\"@type\":\"ReadAction\",\"target\":[\"https:\/\/skywalk.info\/2018\/04\/09\/hikefly-weekend-with-skywalk-team-pilots\/\"]}]},{\"@type\":\"ImageObject\",\"inLanguage\":\"fr-FR\",\"@id\":\"https:\/\/skywalk.info\/2018\/04\/09\/hikefly-weekend-with-skywalk-team-pilots\/#primaryimage\",\"url\":\"https:\/\/skywalk.info\/files\/2018\/04\/6.jpg\",\"contentUrl\":\"https:\/\/skywalk.info\/files\/2018\/04\/6.jpg\",\"width\":\"1600\",\"height\":\"1200\",\"caption\":\"skywalk Teampiloten Hike&amp;Fly\"},{\"@type\":\"BreadcrumbList\",\"@id\":\"https:\/\/skywalk.info\/2018\/04\/09\/hikefly-weekend-with-skywalk-team-pilots\/#breadcrumb\",\"itemListElement\":[{\"@type\":\"ListItem\",\"position\":1,\"name\":\"Home\",\"item\":\"https:\/\/skywalk.info\/fr\/\"},{\"@type\":\"ListItem\",\"position\":2,\"name\":\"Hike&amp;Fly Weekend with skywalk team pilots\"}]},{\"@type\":\"WebSite\",\"@id\":\"https:\/\/skywalk.info\/#website\",\"url\":\"https:\/\/skywalk.info\/\",\"name\":\"skywalk Paragliders\",\"description\":\"pure passion for flying\",\"potentialAction\":[{\"@type\":\"SearchAction\",\"target\":{\"@type\":\"EntryPoint\",\"urlTemplate\":\"https:\/\/skywalk.info\/?s={search_term_string}\"},\"query-input\":\"required name=search_term_string\"}],\"inLanguage\":\"fr-FR\"},{\"@type\":\"Person\",\"@id\":\"https:\/\/skywalk.info\/#\/schema\/person\/9ea36be1cccfd900b4f1b2377f9c3b85\",\"name\":\"daniel\",\"url\":\"https:\/\/skywalk.info\/fr\/author\/daniel\/\"}]}<\/script>\n<!-- \/ Yoast SEO plugin. -->","yoast_head_json":{"title":"skywalk paragliders - Hike&Fly weekend with team pilots","description":"On Friday evening, after a day of flying, we decided to go to Gemona for the weekend to escape the foehn-wind at home. On Saturday, we launched at noon in Gemona and flew together to Meduno.","robots":{"index":"index","follow":"follow","max-snippet":"max-snippet:-1","max-image-preview":"max-image-preview:large","max-video-preview":"max-video-preview:-1"},"canonical":"https:\/\/skywalk.info\/2018\/04\/09\/hikefly-weekend-with-skywalk-team-pilots\/","og_locale":"fr_FR","og_type":"article","og_title":"skywalk paragliders - Hike&Fly weekend with team pilots","og_description":"On Friday evening, after a day of flying, we decided to go to Gemona for the weekend to escape the foehn-wind at home. On Saturday, we launched at noon in Gemona and flew together to Meduno.","og_url":"https:\/\/skywalk.info\/2018\/04\/09\/hikefly-weekend-with-skywalk-team-pilots\/","og_site_name":"skywalk Paragliders","article_publisher":"https:\/\/www.facebook.com\/skywalk.paragliders\/","article_published_time":"2018-04-09T13:39:40+00:00","og_image":[{"width":"1600","height":"1200","url":"https:\/\/skywalk.info\/files\/2018\/04\/6.jpg","type":"image\/jpeg"}],"author":"daniel","twitter_misc":{"\u00c9crit par":"daniel","Dur\u00e9e de lecture estim\u00e9e":"2 minutes"},"schema":{"@context":"https:\/\/schema.org","@graph":[{"@type":"WebPage","@id":"https:\/\/skywalk.info\/2018\/04\/09\/hikefly-weekend-with-skywalk-team-pilots\/","url":"https:\/\/skywalk.info\/2018\/04\/09\/hikefly-weekend-with-skywalk-team-pilots\/","name":"skywalk paragliders - Hike&Fly weekend with team pilots","isPartOf":{"@id":"https:\/\/skywalk.info\/#website"},"primaryImageOfPage":{"@id":"https:\/\/skywalk.info\/2018\/04\/09\/hikefly-weekend-with-skywalk-team-pilots\/#primaryimage"},"image":{"@id":"https:\/\/skywalk.info\/2018\/04\/09\/hikefly-weekend-with-skywalk-team-pilots\/#primaryimage"},"thumbnailUrl":"https:\/\/skywalk.info\/files\/2018\/04\/6.jpg","datePublished":"2018-04-09T13:39:40+00:00","dateModified":"2018-04-09T13:39:40+00:00","author":{"@id":"https:\/\/skywalk.info\/#\/schema\/person\/9ea36be1cccfd900b4f1b2377f9c3b85"},"description":"On Friday evening, after a day of flying, we decided to go to Gemona for the weekend to escape the foehn-wind at home. On Saturday, we launched at noon in Gemona and flew together to Meduno.","breadcrumb":{"@id":"https:\/\/skywalk.info\/2018\/04\/09\/hikefly-weekend-with-skywalk-team-pilots\/#breadcrumb"},"inLanguage":"fr-FR","potentialAction":[{"@type":"ReadAction","target":["https:\/\/skywalk.info\/2018\/04\/09\/hikefly-weekend-with-skywalk-team-pilots\/"]}]},{"@type":"ImageObject","inLanguage":"fr-FR","@id":"https:\/\/skywalk.info\/2018\/04\/09\/hikefly-weekend-with-skywalk-team-pilots\/#primaryimage","url":"https:\/\/skywalk.info\/files\/2018\/04\/6.jpg","contentUrl":"https:\/\/skywalk.info\/files\/2018\/04\/6.jpg","width":"1600","height":"1200","caption":"skywalk Teampiloten Hike&amp;Fly"},{"@type":"BreadcrumbList","@id":"https:\/\/skywalk.info\/2018\/04\/09\/hikefly-weekend-with-skywalk-team-pilots\/#breadcrumb","itemListElement":[{"@type":"ListItem","position":1,"name":"Home","item":"https:\/\/skywalk.info\/fr\/"},{"@type":"ListItem","position":2,"name":"Hike&amp;Fly Weekend with skywalk team pilots"}]},{"@type":"WebSite","@id":"https:\/\/skywalk.info\/#website","url":"https:\/\/skywalk.info\/","name":"skywalk Paragliders","description":"pure passion for flying","potentialAction":[{"@type":"SearchAction","target":{"@type":"EntryPoint","urlTemplate":"https:\/\/skywalk.info\/?s={search_term_string}"},"query-input":"required name=search_term_string"}],"inLanguage":"fr-FR"},{"@type":"Person","@id":"https:\/\/skywalk.info\/#\/schema\/person\/9ea36be1cccfd900b4f1b2377f9c3b85","name":"daniel","url":"https:\/\/skywalk.info\/fr\/author\/daniel\/"}]}},"_links":{"self":[{"href":"https:\/\/skywalk.info\/fr\/wp-json\/wp\/v2\/posts\/20514"}],"collection":[{"href":"https:\/\/skywalk.info\/fr\/wp-json\/wp\/v2\/posts"}],"about":[{"href":"https:\/\/skywalk.info\/fr\/wp-json\/wp\/v2\/types\/post"}],"author":[{"embeddable":true,"href":"https:\/\/skywalk.info\/fr\/wp-json\/wp\/v2\/users\/130"}],"replies":[{"embeddable":true,"href":"https:\/\/skywalk.info\/fr\/wp-json\/wp\/v2\/comments?post=20514"}],"version-history":[{"count":3,"href":"https:\/\/skywalk.info\/fr\/wp-json\/wp\/v2\/posts\/20514\/revisions"}],"predecessor-version":[{"id":20517,"href":"https:\/\/skywalk.info\/fr\/wp-json\/wp\/v2\/posts\/20514\/revisions\/20517"}],"wp:featuredmedia":[{"embeddable":true,"href":"https:\/\/skywalk.info\/fr\/wp-json\/wp\/v2\/media\/20485"}],"wp:attachment":[{"href":"https:\/\/skywalk.info\/fr\/wp-json\/wp\/v2\/media?parent=20514"}],"wp:term":[{"taxonomy":"category","embeddable":true,"href":"https:\/\/skywalk.info\/fr\/wp-json\/wp\/v2\/categories?post=20514"},{"taxonomy":"post_tag","embeddable":true,"href":"https:\/\/skywalk.info\/fr\/wp-json\/wp\/v2\/tags?post=20514"}],"curies":[{"name":"wp","href":"https:\/\/api.w.org\/{rel}","templated":true}]}}